{"id":5120,"date":"2021-04-15T22:45:08","date_gmt":"2021-04-16T04:45:08","guid":{"rendered":"http:\/\/www.esucesos.com\/?p=5120"},"modified":"2021-04-15T22:47:57","modified_gmt":"2021-04-16T04:47:57","slug":"confirma-alejandro-fernandez-que-tiene-covid-19","status":"publish","type":"post","link":"https:\/\/www.esucesos.com\/?p=5120","title":{"rendered":"Confirma Alejandro Fern\u00e1ndez que tiene COVID-19"},"content":{"rendered":"\n<figure class=\"wp-block-image size-large\"><img decoding=\"async\" loading=\"lazy\" width=\"640\" height=\"419\" src=\"http:\/\/www.esucesos.com\/wp-content\/uploads\/2021\/04\/alejandro-fernandez.jpg\" alt=\"\" class=\"wp-image-5121\" srcset=\"https:\/\/www.esucesos.com\/wp-content\/uploads\/2021\/04\/alejandro-fernandez.jpg 640w, https:\/\/www.esucesos.com\/wp-content\/uploads\/2021\/04\/alejandro-fernandez-300x196.jpg 300w\" sizes=\"(max-width: 640px) 100vw, 640px\" \/><\/figure>\n\n\n\n<p><strong>esucesos<\/strong><\/p>\n\n\n\n<p><strong>Miami, Florida-<\/strong> El cantante mexicano Alejandro Fern\u00e1ndez reapareci\u00f3 a trav\u00e9s de un video para confirmar que dio positivo a COVID-19, horas antes de su actuaci\u00f3n en la entrega de los Latin American Music Awards, AMAs, \u201ccomo ya deben de saber, sal\u00ed positivo al Covid. Me encuentro muy bien, asintom\u00e1tico, fuerte y de muy buen \u00e1nimo\u201d.<br>El int\u00e9rprete de \u2018Me dediqu\u00e9 a perderte\u2019, agreg\u00f3, \u201cquiero aprovechar esta oportunidad para recordarles que se vacunen. Es por el bien de todos y es la \u00fanica manera en que vamos a terminar con este problema que nos aqueja\u201d.<br>Alejandro Fern\u00e1ndez, adem\u00e1s de que deb\u00eda actuar esta noche en la entrega de los premios, ser\u00eda galardonado con el premio \u2018\u00cdcono\u2019, que dedic\u00f3, \u201ca todos los migrantes y las familias que han sido separadas en las fronteras, la familia es el n\u00facleo del hogar latinoamericano y todas las familias merecen estar unidas\u201d.<br>\u2018El potrillo\u2019 se mantiene aislado en Miami y regresar\u00e1 a M\u00e9xico hasta que est\u00e9 totalmente recuperado.<br>A unas horas de que se realizar\u00e1 la entrega de los premios, Alejandro Fern\u00e1ndez se realiz\u00f3 la prueba de ant\u00edgenos, requisito obligatorio para quienes ingresaban a ensayos al BB&amp;T Center, el recinto deportivo sede de la gala de hoy jueves.<br>Alejandro Fern\u00e1ndez, quien ya se hab\u00eda aplicado la primera dosis de la vacuna, regres\u00f3 a su hotel a aislarse como dictan los protocolos y a la espera del resultado de la PCR, para corroborar el diagn\u00f3stico de la COVID-19.<br>Tras darse a conocer la noticia declar\u00f3 que, \u201cesta es la primera vez que veo a la prensa o a gente que no es de mi c\u00edrculo m\u00e1s \u00edntimo\u201d.<br>Adem\u00e1s de asegurar que se hab\u00eda \u201ccuidado much\u00edsimo\u201d desde que se desat\u00f3 la pandemia.<br>La cadena Telemundo indic\u00f3 en un comunicado que la seguridad de todos los implicados en la gala, incluyendo a los artistas, es su principal prioridad, \u201csiguiendo los lineamientos de la compa\u00f1\u00eda y la CDC (Centros para la Prevenci\u00f3n y Control de Enfermedades de EU), hemos implementado estrictos protocolos de seguridad para proteger y mantener un ambiente de trabajo seguro para todos y poder traerle a nuestras audiencias esta edici\u00f3n de los Latin American Music Awards\u201d.<\/p>\n","protected":false},"excerpt":{"rendered":"<p>esucesos Miami, Florida- El cantante mexicano Alejandro Fern\u00e1ndez reapareci\u00f3 a trav\u00e9s de un video para confirmar que dio positivo a COVID-19, horas antes de su actuaci\u00f3n en la entrega de los Latin American Music Awards, AMAs, \u201ccomo ya deben de saber, sal\u00ed positivo al Covid. Me encuentro muy bien, asintom\u00e1tico, fuerte y de muy buen [&hellip;]<\/p>\n","protected":false},"author":2,"featured_media":5121,"comment_status":"open","ping_status":"closed","sticky":false,"template":"","format":"standard","meta":{"spay_email":""},"categories":[2],"tags":[405,8],"jetpack_featured_media_url":"https:\/\/www.esucesos.com\/wp-content\/uploads\/2021\/04\/alejandro-fernandez.jpg","jetpack_sharing_enabled":true,"jetpack_likes_enabled":true,"_links":{"self":[{"href":"https:\/\/www.esucesos.com\/index.php?rest_route=\/wp\/v2\/posts\/5120"}],"collection":[{"href":"https:\/\/www.esucesos.com\/index.php?rest_route=\/wp\/v2\/posts"}],"about":[{"href":"https:\/\/www.esucesos.com\/index.php?rest_route=\/wp\/v2\/types\/post"}],"author":[{"embeddable":true,"href":"https:\/\/www.esucesos.com\/index.php?rest_route=\/wp\/v2\/users\/2"}],"replies":[{"embeddable":true,"href":"https:\/\/www.esucesos.com\/index.php?rest_route=%2Fwp%2Fv2%2Fcomments&post=5120"}],"version-history":[{"count":2,"href":"https:\/\/www.esucesos.com\/index.php?rest_route=\/wp\/v2\/posts\/5120\/revisions"}],"predecessor-version":[{"id":5123,"href":"https:\/\/www.esucesos.com\/index.php?rest_route=\/wp\/v2\/posts\/5120\/revisions\/5123"}],"wp:featuredmedia":[{"embeddable":true,"href":"https:\/\/www.esucesos.com\/index.php?rest_route=\/wp\/v2\/media\/5121"}],"wp:attachment":[{"href":"https:\/\/www.esucesos.com\/index.php?rest_route=%2Fwp%2Fv2%2Fmedia&parent=5120"}],"wp:term":[{"taxonomy":"category","embeddable":true,"href":"https:\/\/www.esucesos.com\/index.php?rest_route=%2Fwp%2Fv2%2Fcategories&post=5120"},{"taxonomy":"post_tag","embeddable":true,"href":"https:\/\/www.esucesos.com\/index.php?rest_route=%2Fwp%2Fv2%2Ftags&post=5120"}],"curies":[{"name":"wp","href":"https:\/\/api.w.org\/{rel}","templated":true}]}}