{"id":2671,"date":"2020-11-09T22:17:12","date_gmt":"2020-11-10T05:17:12","guid":{"rendered":"http:\/\/www.esucesos.com\/?p=2671"},"modified":"2020-11-09T22:21:36","modified_gmt":"2020-11-10T05:21:36","slug":"condena-general-tras-dispersar-manifestacion-en-cancun-de-forma-violenta-exigen-esclarecimiento-de-feminicidio","status":"publish","type":"post","link":"https:\/\/www.esucesos.com\/?p=2671","title":{"rendered":"Condena general tras dispersar manifestaci\u00f3n en Canc\u00fan de forma violenta; exigen esclarecimiento de feminicidio"},"content":{"rendered":"\n<figure class=\"wp-block-image size-large\"><img decoding=\"async\" loading=\"lazy\" width=\"640\" height=\"360\" src=\"http:\/\/www.esucesos.com\/wp-content\/uploads\/2020\/11\/bianca-1.jpg\" alt=\"\" class=\"wp-image-2672\" srcset=\"https:\/\/www.esucesos.com\/wp-content\/uploads\/2020\/11\/bianca-1.jpg 640w, https:\/\/www.esucesos.com\/wp-content\/uploads\/2020\/11\/bianca-1-300x169.jpg 300w\" sizes=\"(max-width: 640px) 100vw, 640px\" \/><\/figure>\n\n\n\n<p><strong>esucesos \/ agencias<\/strong><\/p>\n\n\n\n<p><strong>Canc\u00fan, Quintana Roo.- <\/strong>Una manifestaci\u00f3n, con cerca de 400 asistentes, que parti\u00f3 del denominado kil\u00f3metro 0, donde inicia la zona hotelera de Canc\u00fan, para dirigirse a la Fiscal\u00eda y luego al ayuntamiento y exigir justicia por el feminicidio de la joven Bianca Alexis, hallada anoche en el municipio Benito Ju\u00e1rez, fue dispersada a balazos por elementos de la polic\u00eda estatal.<br>Alegando actos vand\u00e1licos, los polic\u00edas, dispararon y lanzaron gas lacrim\u00f3geno a las manifestantes, dejando varias mujeres lesionadas y detenidas.<br>La Red de Periodistas de Quintana Roo detall\u00f3 que cuatro periodistas resultaron heridos, dos de ellos de bala: Roberto Becerril de La Verdad recibi\u00f3 un impacto en el hombro y Cecilia Solis de Radio Turquesa en una pierna.<br>La Comisi\u00f3n Estatal de Derechos Humanos report\u00f3 a su vez que ocho personas fueron detenidas.<br>La alcaldesa de Canc\u00fan, Mara Lezama, rechaz\u00f3 que haya ordenado un acto de represi\u00f3n y que el control de las fuerzas de seguridad son del gobierno estatal, \u201cLa fuerza p\u00fablica de Canc\u00fan depende del mando \u00fanico que est\u00e1 a cargo del gobierno del estado (Quintana Roo), de ninguna manera mand\u00e9 un tipo de represi\u00f3n de esta naturaleza y estamos gestionando ante la Fiscal\u00eda del Estado la liberaci\u00f3n de las personas que pudieran haber sido detenidas\u201d.<br>Por medio de un video, Lezama dijo que, \u201cel d\u00eda de hoy se llevaron hechos lamentables para nuestra ciudad, hechos lamentables para nuestra gente, una manifestaci\u00f3n feminista fue reprimida con violencia por la polic\u00eda estatal, como mujer y como presidenta municipal repruebo estos acontecimientos y solicito se ejerza toda la fuerza para castigar a los culpables, que no haya impunidad, el movimiento para reivindicar los derechos de las mujeres en M\u00e9xico y particularmente en Canc\u00fan, tienen todo mi respaldo\u201d.<br>Explicando, \u201ccomo saben el gobierno municipal de Cancun no tiene a su cargo elementos de polic\u00eda, estos, est\u00e1n a cargo del mando \u00fanico estatal, por lo que en breve estar\u00e9 presentando las denuncias penales correspondientes en contra de los elementos policiacos que actuaron de forma indebida, ilegal e inmoral y reitero mi respaldo a la libre manifestaci\u00f3n y no toleraremos ning\u00fan acto de represi\u00f3n\u201d.<br>El gobernador de Quintana Roo, Carlos Joaqu\u00edn, respoindi\u00f3 sobre los hechos, \u201crepruebo los actos de violencia que se dieron en Canc\u00fan esta noche. Repruebo totalmente la intimidaci\u00f3n y agresi\u00f3n contra las y los manifestantes. Di instrucciones precisas de NO agresiones y NO armas en las marchas que se dar\u00edan el d\u00eda de hoy\u201d.<br>Agregando, \u201cinvestigar\u00e9 al irresponsable que dio instrucciones diferentes a \u00e9stas y ha provocado toda esta situaci\u00f3n complicada para la sociedad de QuintanaRoo. Actuar\u00e9 con firmeza para que se aplique la ley a quien cometi\u00f3 esta agresi\u00f3n\u201d.<br>Tambi\u00e9n, el secretario de Seguridad de Quintana Roo, Alberto Capella, conden\u00f3 la agresi\u00f3n a las manifestantes y orden\u00f3 una investigaci\u00f3n interna para esclarecer el hecho, \u201clo acontecido en Palacio Municipal de Benito Ju\u00e1rez es en todos sentidos inaceptable. Estoy ordenando una investigaci\u00f3n interna y poniendo a disposici\u00f3n de la Fiscal\u00eda del estado toda la informaci\u00f3n para que haga lo propio. Con transparencia estaremos informando el resultado\u201d.<br>Tras los hechos, la Secretar\u00eda de Gobernaci\u00f3n demand\u00f3 a las autoridades municipales y estatales una investigaci\u00f3n, hasta sus \u00faltimas consecuencias, \u201cla SEGOB mx demanda a las autoridades municipales y estatales la investigaci\u00f3n, hasta sus \u00faltimas consecuencias, de la represi\u00f3n y agresi\u00f3n armada registrada hoy contra una manifestaci\u00f3n feminista en Benito Ju\u00e1rez, Q. Roo\u201d.<br>Adem\u00e1s de qu\u00e9, \u201ccomo responsable de la pol\u00edtica interior del pa\u00eds, respeto a los derechos humanos y defensa de la libertad de expresi\u00f3n, la Secretar\u00eda estar\u00e1 atenta al curso del caso\u201d.<\/p>\n\n\n\n<figure class=\"wp-block-image size-large\"><img decoding=\"async\" loading=\"lazy\" width=\"640\" height=\"358\" src=\"http:\/\/www.esucesos.com\/wp-content\/uploads\/2020\/11\/bianca-2.jpg\" alt=\"\" class=\"wp-image-2673\" srcset=\"https:\/\/www.esucesos.com\/wp-content\/uploads\/2020\/11\/bianca-2.jpg 640w, https:\/\/www.esucesos.com\/wp-content\/uploads\/2020\/11\/bianca-2-300x168.jpg 300w\" sizes=\"(max-width: 640px) 100vw, 640px\" \/><\/figure>\n\n\n\n<p><strong>Exigen esclarecimiento d efeminicidio<\/strong><\/p>\n\n\n\n<p>El detonante de las manifestaciones fue el reciente asesinato de la joven Bianca Alejandrina Lorenzana Alvarado, tambi\u00e9n conocida como \u201cAlexis\u201c, quien fue hallada descuartizada dentro de bolsas de basura, en el fraccionamiento Vista Real de Canc\u00fan.<br>En ocho municipios del estado, colectivos feministas tomaron de manera simb\u00f3lica las representaciones de la Fiscal\u00eda General de Quintana Roo, en protesta simult\u00e1nea para exigir justicia por los feminicidios registrados en la entidad.<br>La toma de las oficinas de las Fiscal\u00edas ocurri\u00f3 en los municipios de Benito Ju\u00e1rez, Solidaridad, Felipe Carrillo Puerto, Jos\u00e9 Mar\u00eda Morelos, Cozumel, Tulum, Bacalar y Oth\u00f3n P. Blanco.<\/p>\n\n\n\n<figure class=\"wp-block-image size-large\"><img decoding=\"async\" loading=\"lazy\" width=\"342\" height=\"336\" src=\"http:\/\/www.esucesos.com\/wp-content\/uploads\/2020\/11\/bianca-3.jpg\" alt=\"\" class=\"wp-image-2674\" srcset=\"https:\/\/www.esucesos.com\/wp-content\/uploads\/2020\/11\/bianca-3.jpg 342w, https:\/\/www.esucesos.com\/wp-content\/uploads\/2020\/11\/bianca-3-300x295.jpg 300w\" sizes=\"(max-width: 342px) 100vw, 342px\" \/><\/figure>\n","protected":false},"excerpt":{"rendered":"<p>esucesos \/ agencias Canc\u00fan, Quintana Roo.- Una manifestaci\u00f3n, con cerca de 400 asistentes, que parti\u00f3 del denominado kil\u00f3metro 0, donde inicia la zona hotelera de Canc\u00fan, para dirigirse a la Fiscal\u00eda y luego al ayuntamiento y exigir justicia por el feminicidio de la joven Bianca Alexis, hallada anoche en el municipio Benito Ju\u00e1rez, fue dispersada [&hellip;]<\/p>\n","protected":false},"author":2,"featured_media":2672,"comment_status":"open","ping_status":"closed","sticky":false,"template":"","format":"standard","meta":{"spay_email":""},"categories":[2],"tags":[673,523,565,675,131],"jetpack_featured_media_url":"https:\/\/www.esucesos.com\/wp-content\/uploads\/2020\/11\/bianca-1.jpg","jetpack_sharing_enabled":true,"jetpack_likes_enabled":true,"_links":{"self":[{"href":"https:\/\/www.esucesos.com\/index.php?rest_route=\/wp\/v2\/posts\/2671"}],"collection":[{"href":"https:\/\/www.esucesos.com\/index.php?rest_route=\/wp\/v2\/posts"}],"about":[{"href":"https:\/\/www.esucesos.com\/index.php?rest_route=\/wp\/v2\/types\/post"}],"author":[{"embeddable":true,"href":"https:\/\/www.esucesos.com\/index.php?rest_route=\/wp\/v2\/users\/2"}],"replies":[{"embeddable":true,"href":"https:\/\/www.esucesos.com\/index.php?rest_route=%2Fwp%2Fv2%2Fcomments&post=2671"}],"version-history":[{"count":2,"href":"https:\/\/www.esucesos.com\/index.php?rest_route=\/wp\/v2\/posts\/2671\/revisions"}],"predecessor-version":[{"id":2677,"href":"https:\/\/www.esucesos.com\/index.php?rest_route=\/wp\/v2\/posts\/2671\/revisions\/2677"}],"wp:featuredmedia":[{"embeddable":true,"href":"https:\/\/www.esucesos.com\/index.php?rest_route=\/wp\/v2\/media\/2672"}],"wp:attachment":[{"href":"https:\/\/www.esucesos.com\/index.php?rest_route=%2Fwp%2Fv2%2Fmedia&parent=2671"}],"wp:term":[{"taxonomy":"category","embeddable":true,"href":"https:\/\/www.esucesos.com\/index.php?rest_route=%2Fwp%2Fv2%2Fcategories&post=2671"},{"taxonomy":"post_tag","embeddable":true,"href":"https:\/\/www.esucesos.com\/index.php?rest_route=%2Fwp%2Fv2%2Ftags&post=2671"}],"curies":[{"name":"wp","href":"https:\/\/api.w.org\/{rel}","templated":true}]}}