{"id":13616,"date":"2026-01-16T18:30:17","date_gmt":"2026-01-17T01:30:17","guid":{"rendered":"https:\/\/www.esucesos.com\/?p=13616"},"modified":"2026-01-16T18:30:17","modified_gmt":"2026-01-17T01:30:17","slug":"niega-julio-iglesias-las-acusaciones-de-abuso-en-la-casita-del-terror","status":"publish","type":"post","link":"https:\/\/www.esucesos.com\/?p=13616","title":{"rendered":"Niega Julio Iglesias las acusaciones de abuso en la \u2018casita del terror\u2019"},"content":{"rendered":"\n<p class=\"has-black-color has-text-color\"><strong>Espa\u00f1a-<\/strong> La trayectoria del reconocido cantante espa\u00f1ol, Julio Iglesias, el artista de lengua hispana con m\u00e1s ventas en todo el mundo y la figura musical con m\u00e1s grabaciones en diferentes idiomas, se ve empa\u00f1ada tras la divulgaci\u00f3n de una investigaci\u00f3n period\u00edstica que deriv\u00f3 en denuncia formal en la Fiscal\u00eda de la Audiencia Nacional de Espa\u00f1a, bajo graves acusaciones de abuso sexual y laboral y trata de personas.<\/p>\n\n\n\n<p class=\"has-black-color has-text-color\">Dos extrabajadoras del int\u00e9rprete de \u2018Hey\u2019 lo acusan de vejaciones sistem\u00e1ticas en 2021 y decidieron hacerlo p\u00fablico ahora, \u201cpara animar a otras trabajadoras que sufrieron hechos similares a pronunciarse\u201d.<\/p>\n\n\n\n<p class=\"has-black-color has-text-color\">Tras salir a la luz el reportaje y la denuncia formal, el cantante manifest\u00f3 su preocupaci\u00f3n por el impacto internacional ya que su imagen ha ca\u00eddo absolutamente y moviliz\u00f3 a sus abogados para preparar la defensa, publicando en sus redes sociales que, \u201ccon profundo pesar, respondo a las acusaciones realizadas por dos personas que anteriormente trabajaron en mi casa. Niego haber abusado, coaccionado o faltado el respeto a ninguna mujer. Esas acusaciones son absolutamente falsas y me causan una gran tristeza\u201d.<\/p>\n\n\n\n<p class=\"has-black-color has-text-color\">Adem\u00e1s, \u201cnunca hab\u00eda sentido tanta maldad, pero a\u00fan me quedan fuerzas para que la gente conozca toda la verdad y defender mi dignidad ante un agravio tan grave. No puedo olvidarme de tantas y tantas personas querid\u00edsimas que me han mandado mensajes de cari\u00f1o y lealtad; he sentido mucho consuelo en ellas\u201d.<\/p>\n\n\n\n<p class=\"has-black-color has-text-color\">Los supuestos actos sucedieron en la residencia que posee Iglesias Punta Cana, Rep\u00fablica Dominicana, donde habr\u00eda acosado y abusado sexualmente de las empleadas, y, \u201ca dicha casa hay que llamarla la casita del terror porque es un drama, una cosa horrible\u201d.<\/p>\n\n\n\n<p class=\"has-black-color has-text-color\">Una de las acusadoras era empleada dom\u00e9stica y la otra, fisioterapeuta y, el pasado 5 de enero, la organizaci\u00f3n Women Link Wordwide, que realiza acciones de promoci\u00f3n, defensa y litigio para establecer est\u00e1ndares que impulsen los derechos humanos de las mujeres y las ni\u00f1as, denunci\u00f3 ante la Fiscal\u00eda de la Audiencia Nacional de Madrid (Espa\u00f1a), en representaci\u00f3n de dos mujeres.<\/p>\n\n\n\n<p class=\"has-black-color has-text-color\">Las acusaciones en la denuncia revelan, \u2018trata de seres humanos con fines de imposici\u00f3n de trabajo forzado y servidumbre\u00b4 junto con \u2018varios delitos contra la libertad y la indemnidad sexuales tales como acoso sexual y agresi\u00f3n sexual\u2019 as\u00ed como lesiones y e imposici\u00f3n de condiciones laborables abusivas.<\/p>\n\n\n\n<p class=\"has-black-color has-text-color\">Y, la Fiscal\u00eda de la Audiencia Nacional otorg\u00f3 la condici\u00f3n de testigos protegidos a las dos mujeres que denunciaron a Julio Iglesias por presuntos abusos sexuales.<\/p>\n","protected":false},"excerpt":{"rendered":"<p>Espa\u00f1a- La trayectoria del reconocido cantante espa\u00f1ol, Julio Iglesias, el artista de lengua hispana con m\u00e1s ventas en todo el mundo y la figura musical con m\u00e1s grabaciones en diferentes idiomas, se ve empa\u00f1ada tras la divulgaci\u00f3n de una investigaci\u00f3n period\u00edstica que deriv\u00f3 en denuncia formal en la Fiscal\u00eda de la Audiencia Nacional de Espa\u00f1a, [&hellip;]<\/p>\n","protected":false},"author":1,"featured_media":13617,"comment_status":"open","ping_status":"closed","sticky":false,"template":"","format":"standard","meta":{"spay_email":""},"categories":[3],"tags":[1298,27,418,3681,131],"jetpack_featured_media_url":"https:\/\/www.esucesos.com\/wp-content\/uploads\/2026\/01\/julio.jpg","jetpack_sharing_enabled":true,"jetpack_likes_enabled":true,"_links":{"self":[{"href":"https:\/\/www.esucesos.com\/index.php?rest_route=\/wp\/v2\/posts\/13616"}],"collection":[{"href":"https:\/\/www.esucesos.com\/index.php?rest_route=\/wp\/v2\/posts"}],"about":[{"href":"https:\/\/www.esucesos.com\/index.php?rest_route=\/wp\/v2\/types\/post"}],"author":[{"embeddable":true,"href":"https:\/\/www.esucesos.com\/index.php?rest_route=\/wp\/v2\/users\/1"}],"replies":[{"embeddable":true,"href":"https:\/\/www.esucesos.com\/index.php?rest_route=%2Fwp%2Fv2%2Fcomments&post=13616"}],"version-history":[{"count":1,"href":"https:\/\/www.esucesos.com\/index.php?rest_route=\/wp\/v2\/posts\/13616\/revisions"}],"predecessor-version":[{"id":13618,"href":"https:\/\/www.esucesos.com\/index.php?rest_route=\/wp\/v2\/posts\/13616\/revisions\/13618"}],"wp:featuredmedia":[{"embeddable":true,"href":"https:\/\/www.esucesos.com\/index.php?rest_route=\/wp\/v2\/media\/13617"}],"wp:attachment":[{"href":"https:\/\/www.esucesos.com\/index.php?rest_route=%2Fwp%2Fv2%2Fmedia&parent=13616"}],"wp:term":[{"taxonomy":"category","embeddable":true,"href":"https:\/\/www.esucesos.com\/index.php?rest_route=%2Fwp%2Fv2%2Fcategories&post=13616"},{"taxonomy":"post_tag","embeddable":true,"href":"https:\/\/www.esucesos.com\/index.php?rest_route=%2Fwp%2Fv2%2Ftags&post=13616"}],"curies":[{"name":"wp","href":"https:\/\/api.w.org\/{rel}","templated":true}]}}