{"id":13591,"date":"2026-01-06T19:41:31","date_gmt":"2026-01-07T02:41:31","guid":{"rendered":"https:\/\/www.esucesos.com\/?p=13591"},"modified":"2026-01-06T19:48:49","modified_gmt":"2026-01-07T02:48:49","slug":"tras-la-metidota-de-pata-bien-bonilla-ahora-la-comitiva-pintacaritas-alista-viaje-para-solucionarla","status":"publish","type":"post","link":"https:\/\/www.esucesos.com\/?p=13591","title":{"rendered":"Tras la metidota de pata \u2018bien Bonilla\u2019&#8230; ahora la comitiva pintacaritas alista viaje para solucionarla"},"content":{"rendered":"\n<p class=\"has-black-color has-text-color\"><strong>Carlos Urquidi G.<\/strong><\/p>\n\n\n\n<p class=\"has-black-color has-text-color\"><strong>Chihuahua, Chih.-<\/strong> Ay, qu\u00e9 aburrimiento \u00bfy si pintamos muy chillante la Puerta de Chihuahua?..<\/p>\n\n\n\n<p class=\"has-black-color has-text-color\">Para arrancar el nuevo a\u00f1o, el pasado 2 de enero de 2026, la escultura <a><\/a>monumental \u2018La puerta de Chihuahua\u2019 del artista Sebasti\u00e1n y que desde 1997 se apoderara del sur de la capital del estado, amaneci\u00f3 \u2018m\u00e1s Bonilla que nunca\u2019\u2026 eso aseguraron autoridades, pues el gobierno municipal, que encabeza Marco Bonilla, anunci\u00f3 as\u00ed textualmente: Embellece Municipio la Puerta de Chihuahua con pintura de estilo Mata Ortiz.<\/p>\n\n\n\n<p class=\"has-black-color has-text-color\"><strong>Y aqu\u00ed vamos a preguntarnos inmediatamente,<\/strong> \u00bfusaron pintura de vaca, pinturas vegetales o minerales de la localidad? Pues la t\u00e9cnica ancestral de la cer\u00e1mica de Mata Ortiz emplea pinturas minerales libres de plomo, aplicadas finamente con pinceles hechos con cabello humano. As\u00ed que aqu\u00ed detectamos la primera falla de tal \u2018embellecimiento\u2019 con pintura comercial y a rodillazo limpio, pues ni siquiera brochas utilizaron.<\/p>\n\n\n\n<p class=\"has-black-color has-text-color\">Y antes de adentrarnos en la fallida idea municipal retomaremos el viejo y conocido refr\u00e1n que dice: ahora saldr\u00e1 m\u00e1s caro el caldo que las alb\u00f3ndigas.<\/p>\n\n\n\n<p class=\"has-black-color has-text-color\"><strong>El flamante anuncio agrega:<\/strong> El Gobierno Municipal, remodel\u00f3 la Puerta de Chihuahua, al sur de la ciudad, con la pintura de la base que la sostiene con el encanto y estilo de Mata Ortiz, para dar bienvenida a miles de turistas, paisanos y chihuahuenses que llegan a disfrutar de esta hermosa ciudad. Con una inversi\u00f3n de 170 mil pesos la Direcci\u00f3n de Mantenimiento Urbano, realiz\u00f3 dichas labores en la base del emblem\u00e1tico monumento, en donde con paciencia y m\u00e1s de 912 horas de trabajo se realizaron los dise\u00f1os intrincados.<\/p>\n\n\n\n<p class=\"has-black-color has-text-color\"><strong>Muchos errores en un simple p\u00e1rrafo,<\/strong> pues primero no se \u2018remodela\u2019 una obra de arte, se acepta o rechaza tal cual fue concebida por el artista.<\/p>\n\n\n\n<p class=\"has-black-color has-text-color\">El basamento de \u2018La puerta de Chihuahua\u2019 tiene un significado que refiere al mestizaje en Chihuahua.<\/p>\n\n\n\n<p class=\"has-black-color has-text-color\">Y para darle m\u00e1s pompa y platillo a tal decisi\u00f3n, el mismo municipio lanz\u00f3 un video en el que se expande en sus errores, \u201choy la Puerta de Chihuahua se viste con grecas inspiradas en el arte de Mata Ortiz\u201d.<\/p>\n\n\n\n<p class=\"has-black-color has-text-color\"><strong>Ayno, <\/strong>reducen la t\u00e9cnica ancestral de la cer\u00e1mica de Mata Ortiz a simples grecas, noooo, los dise\u00f1os inspirados en Paquim\u00e9 se caracterizan por motivos geom\u00e9tricos, l\u00edneas finas y precisi\u00f3n que recuerdan la antigua cultura de Casas Grandes.<\/p>\n\n\n\n<p class=\"has-black-color has-text-color\"><strong>Respeten su cultura,<\/strong> dice un famoso meme y estas autoridades son especialistas en convertirse en memes.<\/p>\n\n\n\n<p class=\"has-black-color has-text-color\">Al ver el acabado \u2018con grecas\u2019 resalta lo chillante mientras que el arte de Mata Ortiz se caracteriza por una paleta de colores terrosos (s\u00ed, tonos c\u00e1lidos y apagados que evocan la naturaleza, similar al color de la tierra) dominados por negro, blanco, rojo y ocre (caf\u00e9).<\/p>\n\n\n\n<p class=\"has-black-color has-text-color\">Por cierto, tono o color apagado significa que no es claro ni brilla como lo que se le hizo a la Puerta.<\/p>\n\n\n\n<p class=\"has-black-color has-text-color\">Tambi\u00e9n resalta la minimizaci\u00f3n que se hace del arte de Mata Ortiz al mezclarlo con otro s\u00edmbolo urbano que no fue creado para ello.<\/p>\n\n\n\n<p class=\"has-black-color has-text-color\">\u00bfAcaso no merecen su propio homenaje?<\/p>\n\n\n\n<p class=\"has-black-color has-text-color\"><strong>Y ahondemos,<\/strong> no es embellecimiento, no es manita de gato, no es mejora, no es remodelaci\u00f3n es intervenci\u00f3n, es alterar, es modificar y hacer eso, sin el consentimiento del autor es ilegal y constituye un delito pues la Ley del Derecho de Autor protege los derechos morales del creador y son irrenunciables e inalienables.<\/p>\n\n\n\n<p class=\"has-black-color has-text-color\">Aparte de ilegal, es inmoral ya que tampoco hay que confundir alteraci\u00f3n con restauraci\u00f3n.<\/p>\n\n\n\n<p class=\"has-black-color has-text-color\">La arbitraria decisi\u00f3n primero fue disfrazada de mantenimiento, seg\u00fan el titular del la Direcci\u00f3n de Mantenimiento Urbano del Municipio, Christian Medell\u00edn, \u201c\u00fanicamente se realizaron labores de mantenimiento, aprovechando la intervenci\u00f3n para embellecer la zona\u201d.<\/p>\n\n\n\n<p class=\"has-black-color has-text-color\"><strong>La culpa es de los grafitts, dice,<\/strong> \u201cha sido afectada en distintas ocasiones por grafitis por lo que se decidi\u00f3 intervenirla y, al mismo tiempo, embellecerla con un dise\u00f1o decorativo.<\/p>\n\n\n\n<p class=\"has-black-color has-text-color\">Otra vez la mal empleada palabra \u2018embellecer\u2019 y unida a \u2018dise\u00f1o decorativo\u2019 es hilarante.<\/p>\n\n\n\n<p class=\"has-black-color has-text-color\"><strong>\u00a1Qu\u00e9 no, entiende!<\/strong><\/p>\n\n\n\n<p class=\"has-black-color has-text-color\"><strong>Va una acotaci\u00f3n: <\/strong>la funci\u00f3n de la Direcci\u00f3n de Mantenimiento Urbano del Municipio es b\u00e1sicamente, realizar, coordinar, dirigir y apoyar los servicios de mantenimiento de \u00e1reas verdes municipales, alumbrado p\u00fablico, mantenimiento vial y respuesta ciudadana sobre quejas de fallas en Alumbrado, reporte de baches, parques y jardines en mal estado, implementar programas de acci\u00f3n, tendentes a la limpieza, conservaci\u00f3n y mejoramiento de la imagen urbana.<\/p>\n\n\n\n<p class=\"has-black-color has-text-color\">En ning\u00fan lado del reglamento dice que puede o debe andar \u2018enbelleciendo\u2019 obras escult\u00f3ricas nomas porque le sobr\u00f3 pintura y personal, en su lugar debi\u00f3 pintar los ya inexistentes pasos peatonales, m\u00ednimo los de centro, alrededor de palacio de gobierno, que ya no se ve ni malles. Perd\u00f3n, me ofusqu\u00e9.<\/p>\n\n\n\n<p class=\"has-black-color has-text-color\">Para eso existen otras instancias que tras lo realizado, se pasaron por el arco de la Puerta de Chihuahua, como la Comisi\u00f3n Municipal del Patrimonio Cultural del Municipio de Chihuahua y la Direcci\u00f3n General de Patrimonio Cultural de la Secretar\u00eda de Cultura de Chihuahua, por mencionar dos.<\/p>\n\n\n\n<p class=\"has-black-color has-text-color\"><strong>Aqu\u00ed vamos a darle raz\u00f3n a Sebasti\u00e1n, <\/strong>\u201cLa Puerta es un s\u00edmbolo muy importante para los chihuahuenses como dise\u00f1o escult\u00f3rico, y deber\u00edamos respetarla como es, y no estar tratando de intervenir una obra que ya se gan\u00f3 su espacio, su lugar y su dimensi\u00f3n\u201d.<\/p>\n\n\n\n<p class=\"has-black-color has-text-color\">Poniendo a temblar a los del municipio, \u201cvoy a hablar con el abogado para ver qu\u00e9 pueden hacer. No tengo ni idea de qui\u00e9n decidi\u00f3 hacer eso o qui\u00e9n tom\u00f3 esa atribuci\u00f3n sin permiso, es una falta de cultura, sentido com\u00fan y conocimiento del arte p\u00fablico. No s\u00e9 qui\u00e9n dio esa orden, pero eso est\u00e1 mal\u201d.<\/p>\n\n\n\n<p class=\"has-black-color has-text-color\">S\u00ed, que lo haga, digo yo.<\/p>\n\n\n\n<p class=\"has-black-color has-text-color\"><strong>Para acallar la metidota de pata,<\/strong> el alcalde Bonilla sali\u00f3 a minimizar el asunto \u2014siempre lo hace\u2014, \u201ccreo que ah\u00ed fue una confusi\u00f3n de las dos partes\u201d.<\/p>\n\n\n\n<p class=\"has-black-color has-text-color\">Malentendido mis polainas, a Sebasti\u00e1n casi le da un soponcio.<\/p>\n\n\n\n<p class=\"has-black-color has-text-color\"><strong>Y zas,<\/strong> el caldito subo de precio, se dijo que en pintar con rodillo el basamento sali\u00f3 en 170 mil pesos y con lo declarador por el alcalde, \u201cvamos a tener una visita presencial en los pr\u00f3ximos d\u00edas a la ciudad de M\u00e9xico y, bueno, para futuras restauraciones o situaciones que se tengan que hacer, va a haber mejor coordinaci\u00f3n, mejor comunicaci\u00f3n. No hay un tema de que pase a mayores\u201d.<\/p>\n\n\n\n<p class=\"has-black-color has-text-color\">\u00bfLos vi\u00e1ticos de la comitiva pintacaritas los pagar\u00e1 el alcalde o qui\u00e9n?.<\/p>\n\n\n\n<p class=\"has-black-color has-text-color\">Los derechos de autor son sagrados, como los derechos humanos, dijo Enrique Carbajal tras tomarse un t\u00e9 de tila.<\/p>\n\n\n\n<p class=\"has-black-color has-text-color\"><strong>As\u00ed no se pinshis puede<\/strong>, respond\u00ed yo. Punto, hasta aqu\u00ed.<\/p>\n\n\n\n<figure class=\"wp-block-image size-full\"><img decoding=\"async\" loading=\"lazy\" width=\"850\" height=\"510\" src=\"https:\/\/www.esucesos.com\/wp-content\/uploads\/2026\/01\/aburrido-2.jpg\" alt=\"\" class=\"wp-image-13592\" srcset=\"https:\/\/www.esucesos.com\/wp-content\/uploads\/2026\/01\/aburrido-2.jpg 850w, https:\/\/www.esucesos.com\/wp-content\/uploads\/2026\/01\/aburrido-2-300x180.jpg 300w, https:\/\/www.esucesos.com\/wp-content\/uploads\/2026\/01\/aburrido-2-768x461.jpg 768w\" sizes=\"(max-width: 850px) 100vw, 850px\" \/><\/figure>\n\n\n\n<p><a href=\"https:\/\/www.facebook.com\/photo\/?fbid=10241402235979249&amp;set=pcb.10241402251659641&amp;__cft__[0]=AZbsiM6hAo1fRnbXUC3XTJzs1BeozzoP-cqGxxQnOwOlziv8f0q5UDUnfdbjmSzUZQr4dZ4ApFfwIk9xY5azfNQf4tJh5kG5ROr0rrcrYAH-Bxt0VkcQstPa55sTlfdb_Rqcrpj5yPjDt4WXBPynBoTnfxzwOGK8vxdtthWOIt8Vsl4YNC8-Apv3XD_NYq9On5A&amp;__tn__=*b0H-R\"><\/a><\/p>\n","protected":false},"excerpt":{"rendered":"<p>Carlos Urquidi G. Chihuahua, Chih.- Ay, qu\u00e9 aburrimiento \u00bfy si pintamos muy chillante la Puerta de Chihuahua?.. Para arrancar el nuevo a\u00f1o, el pasado 2 de enero de 2026, la escultura monumental \u2018La puerta de Chihuahua\u2019 del artista Sebasti\u00e1n y que desde 1997 se apoderara del sur de la capital del estado, amaneci\u00f3 \u2018m\u00e1s Bonilla [&hellip;]<\/p>\n","protected":false},"author":1,"featured_media":13593,"comment_status":"open","ping_status":"closed","sticky":false,"template":"","format":"standard","meta":{"spay_email":""},"categories":[2],"tags":[3676,10,3677,286,262,3675,500],"jetpack_featured_media_url":"https:\/\/www.esucesos.com\/wp-content\/uploads\/2026\/01\/aburrido-1.jpg","jetpack_sharing_enabled":true,"jetpack_likes_enabled":true,"_links":{"self":[{"href":"https:\/\/www.esucesos.com\/index.php?rest_route=\/wp\/v2\/posts\/13591"}],"collection":[{"href":"https:\/\/www.esucesos.com\/index.php?rest_route=\/wp\/v2\/posts"}],"about":[{"href":"https:\/\/www.esucesos.com\/index.php?rest_route=\/wp\/v2\/types\/post"}],"author":[{"embeddable":true,"href":"https:\/\/www.esucesos.com\/index.php?rest_route=\/wp\/v2\/users\/1"}],"replies":[{"embeddable":true,"href":"https:\/\/www.esucesos.com\/index.php?rest_route=%2Fwp%2Fv2%2Fcomments&post=13591"}],"version-history":[{"count":3,"href":"https:\/\/www.esucesos.com\/index.php?rest_route=\/wp\/v2\/posts\/13591\/revisions"}],"predecessor-version":[{"id":13596,"href":"https:\/\/www.esucesos.com\/index.php?rest_route=\/wp\/v2\/posts\/13591\/revisions\/13596"}],"wp:featuredmedia":[{"embeddable":true,"href":"https:\/\/www.esucesos.com\/index.php?rest_route=\/wp\/v2\/media\/13593"}],"wp:attachment":[{"href":"https:\/\/www.esucesos.com\/index.php?rest_route=%2Fwp%2Fv2%2Fmedia&parent=13591"}],"wp:term":[{"taxonomy":"category","embeddable":true,"href":"https:\/\/www.esucesos.com\/index.php?rest_route=%2Fwp%2Fv2%2Fcategories&post=13591"},{"taxonomy":"post_tag","embeddable":true,"href":"https:\/\/www.esucesos.com\/index.php?rest_route=%2Fwp%2Fv2%2Ftags&post=13591"}],"curies":[{"name":"wp","href":"https:\/\/api.w.org\/{rel}","templated":true}]}}