{"id":13190,"date":"2025-09-29T19:43:37","date_gmt":"2025-09-30T01:43:37","guid":{"rendered":"https:\/\/www.esucesos.com\/?p=13190"},"modified":"2025-09-29T19:43:37","modified_gmt":"2025-09-30T01:43:37","slug":"fiscalia-de-chihuahua-libres-y-bajo-investigacion-agentes-municipales-involucrados-en-muerte-de-un-hombre-durante-su-arresto","status":"publish","type":"post","link":"https:\/\/www.esucesos.com\/?p=13190","title":{"rendered":"Fiscal\u00eda de Chihuahua: libres y bajo investigaci\u00f3n agentes municipales involucrados en muerte de un hombre durante su arresto"},"content":{"rendered":"\n<p class=\"has-black-color has-text-color\"><strong>Chihuahua, Chih.-<\/strong> Los agentes municipales involucrados en la muerte de un hombre durante su arresto, debido a un posible uso excesivo de la fuerza, se encuentran en libertad pero bajo investigaci\u00f3n asegur\u00f3 la Fiscal\u00eda General de Chihuahua, adem\u00e1s de confirmar que el hombre muri\u00f3 a causa de un edema pulmonar, \u201c\u201cse est\u00e1 realizando el peritaje correspondiente, analizando los videos y dem\u00e1s evidencias, adem\u00e1s, contamos con la necropsia del cuerpo que reporta un edema pulmonar, cuya causa exacta a\u00fan se determinar\u00e1\u201d.<\/p>\n\n\n\n<p class=\"has-black-color has-text-color\">\u201cLos elementos de la Direcci\u00f3n de Seguridad P\u00fablica Municipal que participaron en la intervenci\u00f3n quedaron a disposici\u00f3n de la Fiscal\u00eda General del Estado, en libertad y bajo reserva de datos para ser llamados a declarar en cualquier momento\u201d.<\/p>\n\n\n\n<p class=\"has-black-color has-text-color\">Aunque el presidente municipal de Chihuahua, Marco Bonilla, asegur\u00f3 que, \u201cen estos videos se aprecia que no hubo exceso en el uso de la fuerza y que, durante todo el proceso, estuvo presente la madre de la persona fallecida, a quien enviamos nuestras condolencias y solidaridad\u201d.<\/p>\n\n\n\n<p class=\"has-black-color has-text-color\">El hombre, identificado como Gerardo Esteban C. E., falleci\u00f3 el pasado s\u00e1bado 27 de septiembre durante su arresto por agentes de la Direcci\u00f3n de Seguridad P\u00fablica Municipal de Chihuahua (DSPM) en el cruce de las calles Francisco Pimentel y Sicomoro, de la colonia Las Granjas, alrededor de las 17:35 horas.<\/p>\n\n\n\n<p>La Fiscal\u00eda de Chihuahua asegur\u00f3 tambi\u00e9n que la DSPM ha mostrado total colaboraci\u00f3n y apertura para que se analicen los protocolos aplicados, as\u00ed como para que los oficiales rindan su declaraci\u00f3n y que la Fiscal\u00eda de Distrito Zona Centro abri\u00f3 la investigaci\u00f3n 19-2025-23686, \u201clas investigaciones se realizan en torno a lo sucedido, al momento en que agentes municipales atendieron el reporte de violencia familiar\u201d.<\/p>\n\n\n\n<p class=\"has-black-color has-text-color\">De igual manera, se analizan las videograbaciones que fueron proporcionadas por testigos, as\u00ed como las entrevistas elaboradas por la Polic\u00eda Ministerial en el lugar de los hechos.<\/p>\n\n\n\n<p class=\"has-black-color has-text-color\">De acuerdo con el an\u00e1lisis del Servicio M\u00e9dico Forense, la causa de muerte obedeci\u00f3 a una insuficiencia respiratoria aguda y un edema agudo de pulm\u00f3n, cuyo origen m\u00e9dico se encuentra en investigaci\u00f3n como hip\u00f3tesis a verificar, y entre otras, se contemplan el estado et\u00edlico que presentaba y su condici\u00f3n cl\u00ednica previa.<\/p>\n\n\n\n<p class=\"has-black-color has-text-color\">Aunque, \u201chasta el momento no existen datos de prueba que indiquen alg\u00fan exceso en el aseguramiento del masculino, considerando que se trata de una investigaci\u00f3n en proceso\u201d.<\/p>\n","protected":false},"excerpt":{"rendered":"<p>Chihuahua, Chih.- Los agentes municipales involucrados en la muerte de un hombre durante su arresto, debido a un posible uso excesivo de la fuerza, se encuentran en libertad pero bajo investigaci\u00f3n asegur\u00f3 la Fiscal\u00eda General de Chihuahua, adem\u00e1s de confirmar que el hombre muri\u00f3 a causa de un edema pulmonar, \u201c\u201cse est\u00e1 realizando el peritaje [&hellip;]<\/p>\n","protected":false},"author":1,"featured_media":13191,"comment_status":"open","ping_status":"closed","sticky":false,"template":"","format":"standard","meta":{"spay_email":""},"categories":[4],"tags":[2969,10,84,1260],"jetpack_featured_media_url":"https:\/\/www.esucesos.com\/wp-content\/uploads\/2025\/09\/arresto.jpg","jetpack_sharing_enabled":true,"jetpack_likes_enabled":true,"_links":{"self":[{"href":"https:\/\/www.esucesos.com\/index.php?rest_route=\/wp\/v2\/posts\/13190"}],"collection":[{"href":"https:\/\/www.esucesos.com\/index.php?rest_route=\/wp\/v2\/posts"}],"about":[{"href":"https:\/\/www.esucesos.com\/index.php?rest_route=\/wp\/v2\/types\/post"}],"author":[{"embeddable":true,"href":"https:\/\/www.esucesos.com\/index.php?rest_route=\/wp\/v2\/users\/1"}],"replies":[{"embeddable":true,"href":"https:\/\/www.esucesos.com\/index.php?rest_route=%2Fwp%2Fv2%2Fcomments&post=13190"}],"version-history":[{"count":1,"href":"https:\/\/www.esucesos.com\/index.php?rest_route=\/wp\/v2\/posts\/13190\/revisions"}],"predecessor-version":[{"id":13192,"href":"https:\/\/www.esucesos.com\/index.php?rest_route=\/wp\/v2\/posts\/13190\/revisions\/13192"}],"wp:featuredmedia":[{"embeddable":true,"href":"https:\/\/www.esucesos.com\/index.php?rest_route=\/wp\/v2\/media\/13191"}],"wp:attachment":[{"href":"https:\/\/www.esucesos.com\/index.php?rest_route=%2Fwp%2Fv2%2Fmedia&parent=13190"}],"wp:term":[{"taxonomy":"category","embeddable":true,"href":"https:\/\/www.esucesos.com\/index.php?rest_route=%2Fwp%2Fv2%2Fcategories&post=13190"},{"taxonomy":"post_tag","embeddable":true,"href":"https:\/\/www.esucesos.com\/index.php?rest_route=%2Fwp%2Fv2%2Ftags&post=13190"}],"curies":[{"name":"wp","href":"https:\/\/api.w.org\/{rel}","templated":true}]}}