{"id":11570,"date":"2024-04-09T14:02:50","date_gmt":"2024-04-09T20:02:50","guid":{"rendered":"http:\/\/www.esucesos.com\/?p=11570"},"modified":"2024-04-09T14:05:34","modified_gmt":"2024-04-09T20:05:34","slug":"eclipse-total-solar-pone-la-zona-del-silencio-un-nuevo-escalon-a-la-astronomia-mundial","status":"publish","type":"post","link":"https:\/\/www.esucesos.com\/?p=11570","title":{"rendered":"Eclipse Total Solar: pone la Zona del Silencio un nuevo \u2018Escal\u00f3n\u2019 a la astronom\u00eda mundial"},"content":{"rendered":"\n<p class=\"has-black-color has-text-color\"><strong>Carlos Urquidi G.<\/strong><\/p>\n\n\n\n<p class=\"has-black-color has-text-color\"><strong>Escal\u00f3n, Jim\u00e9nez, Chih.-<\/strong> No hay fecha que no llegue ni plazo que no se cumpla&#8230; y se cumpli\u00f3 el popular refr\u00e1n. Este lunes 8 de abril de 2024 cientos de personas fueron testigos del <strong>\u2018<\/strong>Gran Eclipse Mexicano<strong>\u2019<\/strong> en territorio chihuahuense, superando todos los pron\u00f3sticos en cuanto a la Fase de totalidad..<\/p>\n\n\n\n<p class=\"has-black-color has-text-color\">Desde el pasado viernes, el Complejo Ecotur\u00edstico Zona del Silencio referente obligado del pueblo de Escal\u00f3n, en el kil\u00f3metro 154 de Escal\u00f3n, de la carretera Jim\u00e9nez-G\u00f3mez Palacio se convirti\u00f3 en el punto de reuni\u00f3n de visitantes de toda la Rep\u00fablica Mexicana y del mundo entero que llegaron para <strong>\u2018<\/strong>matar dos p\u00e1jaros de un tiro<strong>\u2019<\/strong>: la observaci\u00f3n del eclipse solar total en el coraz\u00f3n de la enigm\u00e1tica Zona del Silencio.&nbsp;<\/p>\n\n\n\n<p class=\"has-black-color has-text-color\">El evento astron\u00f3mico logr\u00f3 hacer converger a una multitud con creencias, gustos y pensamientos diversos, desde quienes siguen el camino de la ciencia hasta quienes hacen de la espiritualidad un estilo de vida, sin dejar a otros m\u00e1s que simplemente deseaban ser part\u00edcipes de ambas l\u00edneas y, hasta un que otro charlat\u00e1n que intent\u00f3, sin mucho \u00e9xito, hacer realidad aquello que dice que, <strong>\u2018<\/strong>a r\u00edo revuelto, ganancia de pescadores<strong>\u2019<\/strong>.<\/p>\n\n\n\n<p class=\"has-black-color has-text-color\">La at\u00edpica y no exacta alineaci\u00f3n Tierra-Luna-Sol y lo que eso conlleva hizo que familias enteras, mujeres, hombres, j\u00f3venes y ni\u00f1os salieran de sus casas, ciudades, estados y pa\u00edses para llegar al coraz\u00f3n de la Zona del Silencio, bajo la venia del V\u00e9rtice de Trino, entre los paralelos 26 y 28, para poder ser testigos del suceso en su m\u00e1xima expresi\u00f3n tal y como sucedi\u00f3 hace 33 a\u00f1os \u20141 de julio de&nbsp;1991\u2014 y que se repetir\u00e1 hasta que pasen los pr\u00f3ximos 28, exactamente el 30 de marzo de 2052.<\/p>\n\n\n\n<p class=\"has-black-color has-text-color\">El deseo de ver por unos segundos a la Luna eclipsar al Sol e imponer su oscuridad se apoder\u00f3 de todos desde el pasado viernes, antes del amanecer bajo el l\u00edmpido cielo de la Zona del Silencio aparecieron en la instalaciones del complejo ecotur\u00edstico, para la tarde eran m\u00e1s, el s\u00e1bado muchos m\u00e1s y el domingo fue de m\u00e1s a m\u00e1s.<\/p>\n\n\n\n<p class=\"has-black-color has-text-color\">Todos y cada uno experimentando un encuentro con desconocidos pero afines, como si fueran amigos de a\u00f1os, tal y como suceder\u00eda con el encuentro la reina sat\u00e9lite natural de la Tierra y el astro rey.<\/p>\n\n\n\n<p class=\"has-black-color has-text-color\">El fin de semana largo se aderez\u00f3 con ceremonias, de sonidos de tambores, de sonajas, de los cuatro elementos, charlas, conferencias, conciertos y hasta de aguas termales en la monta\u00f1a y pinturas rupestres en la Cueva de la ex Hacienda de los Remedios.<\/p>\n\n\n\n<p class=\"has-black-color has-text-color\">Lunes 8 de abril de 2022: la historia de la astronom\u00eda mundial \u2014en general\u2014 y de la astronom\u00eda de desierto chihuahuense \u2014en particular\u2014 escribieron otra p\u00e1gina memorable. Desde el amanecer ya todos estaban listos, los telescopios enfocados, los lentes especiales mano y las ganas a flor de piel.<\/p>\n\n\n\n<p class=\"has-black-color has-text-color\">La Luna lentamente comenz\u00f3 su camino, segura de su objetivo: interponerse entre la Tierra y el Sol para bloquear su luz.<\/p>\n\n\n\n<p class=\"has-black-color has-text-color\">M\u00e1s cerca, cada vez m\u00e1s cerca, un conteo general y&nbsp;el Sol y a la Luna pr\u00e1cticamente quedaron casi el mismo \u00e1ngulo\u2026&nbsp;<\/p>\n\n\n\n<p class=\"has-black-color has-text-color\">La algarab\u00eda inicial se convirti\u00f3 en silencio total, los humanos se convirtieron en estatuas con miradas al cielo por los segundos permitidos\/recomendados y miradas abajo para el descanso protector, esa ma\u00f1ana rumbo al mediod\u00eda no solo se eclips\u00f3 el Sol, tambi\u00e9n se eclips\u00f3 la humanidad. La oscuridad fue casi total por muy pocos segundos reales pero que todos sintieron eternos.<\/p>\n\n\n\n<p class=\"has-black-color has-text-color\">Unas pocas aves revolotearon para volar a su \u00e1rbol, unas vaquillas corrieron despavoridas, tres perros convirtieron sus ladridos en aullidos.<\/p>\n\n\n\n<p class=\"has-black-color has-text-color\">Y as\u00ed en un momento volvi\u00f3, nuevamente, de las tinieblas la luz solar y con ello los gritos y aplausos de j\u00fabilo: <strong>\u2018<\/strong>gracias Tierra, gracias Luna, gracias Sol<strong>\u2019<\/strong>, maravilloso<strong>\u2019<\/strong>, <strong>\u2018<\/strong>somos peque\u00f1os<strong>\u2019<\/strong>, <strong>\u2018<\/strong>qu\u00e9 inmensidad<strong>\u2019<\/strong>, <strong>\u2018<\/strong>somos afortunados<strong>\u2019<\/strong>, impresionante<strong>\u2019<\/strong>, <strong>\u2018<\/strong>super\u00f3 todas mis expectativas<strong>\u2019<\/strong>, <strong>\u2018<\/strong>los amo a todos<strong>\u2019<\/strong>.<\/p>\n\n\n\n<p class=\"has-black-color has-text-color\">Hubo abrazos, muchos abrazos y hasta l\u00e1grimas y tambi\u00e9n un plausible compromiso con el medio ambiente.<\/p>\n\n\n\n<p class=\"has-black-color has-text-color\">Los mitos se derribaron: la oscuridad, antropol\u00f3gica, social y culturalmente ligada al mal fue aliada de renovaci\u00f3n, de fe, de hermandad, de buenos augurios y de repente, as\u00ed como lleg\u00f3 se fue y de entre las tinieblas apareci\u00f3 el Sol y su luz\u2026 Punto, hasta aqu\u00ed.<\/p>\n\n\n\n<figure class=\"wp-block-gallery has-nested-images columns-default is-cropped wp-block-gallery-1 is-layout-flex\">\n<figure class=\"wp-block-image size-large\"><img decoding=\"async\" loading=\"lazy\" width=\"656\" height=\"1024\" data-id=\"11571\"  src=\"http:\/\/www.esucesos.com\/wp-content\/uploads\/2024\/04\/eclipse-zona-11-656x1024.jpeg\" alt=\"\" class=\"wp-image-11571\" srcset=\"https:\/\/www.esucesos.com\/wp-content\/uploads\/2024\/04\/eclipse-zona-11-656x1024.jpeg 656w, https:\/\/www.esucesos.com\/wp-content\/uploads\/2024\/04\/eclipse-zona-11-192x300.jpeg 192w, https:\/\/www.esucesos.com\/wp-content\/uploads\/2024\/04\/eclipse-zona-11.jpeg 709w\" sizes=\"(max-width: 656px) 100vw, 656px\" \/><\/figure>\n\n\n\n<figure class=\"wp-block-image size-large\"><img decoding=\"async\" loading=\"lazy\" width=\"645\" height=\"1024\" data-id=\"11572\"  src=\"http:\/\/www.esucesos.com\/wp-content\/uploads\/2024\/04\/eclipse-zona-8-645x1024.jpeg\" alt=\"\" class=\"wp-image-11572\" srcset=\"https:\/\/www.esucesos.com\/wp-content\/uploads\/2024\/04\/eclipse-zona-8-645x1024.jpeg 645w, https:\/\/www.esucesos.com\/wp-content\/uploads\/2024\/04\/eclipse-zona-8-189x300.jpeg 189w, https:\/\/www.esucesos.com\/wp-content\/uploads\/2024\/04\/eclipse-zona-8.jpeg 709w\" sizes=\"(max-width: 645px) 100vw, 645px\" \/><\/figure>\n\n\n\n<figure class=\"wp-block-image size-large\"><img decoding=\"async\" loading=\"lazy\" width=\"709\" height=\"808\" data-id=\"11573\"  src=\"http:\/\/www.esucesos.com\/wp-content\/uploads\/2024\/04\/eclipse-zona-9.jpeg\" alt=\"\" class=\"wp-image-11573\" srcset=\"https:\/\/www.esucesos.com\/wp-content\/uploads\/2024\/04\/eclipse-zona-9.jpeg 709w, https:\/\/www.esucesos.com\/wp-content\/uploads\/2024\/04\/eclipse-zona-9-263x300.jpeg 263w\" sizes=\"(max-width: 709px) 100vw, 709px\" \/><\/figure>\n\n\n\n<figure class=\"wp-block-image size-large\"><img decoding=\"async\" loading=\"lazy\" width=\"709\" height=\"399\" data-id=\"11574\"  src=\"http:\/\/www.esucesos.com\/wp-content\/uploads\/2024\/04\/eclipse-zona-6.jpeg\" alt=\"\" class=\"wp-image-11574\" srcset=\"https:\/\/www.esucesos.com\/wp-content\/uploads\/2024\/04\/eclipse-zona-6.jpeg 709w, https:\/\/www.esucesos.com\/wp-content\/uploads\/2024\/04\/eclipse-zona-6-300x169.jpeg 300w\" sizes=\"(max-width: 709px) 100vw, 709px\" \/><\/figure>\n<\/figure>\n\n\n\n<p class=\"has-black-color has-text-color\"><strong>Datos para recordar:<\/strong><\/p>\n\n\n\n<p class=\"has-black-color has-text-color\"><strong>Inicio del Eclipse Parcial: <\/strong>10:55:13 h<\/p>\n\n\n\n<p class=\"has-black-color has-text-color\"><strong>Inicio de Totalidad: <\/strong>12:12:06 h<\/p>\n\n\n\n<p class=\"has-black-color has-text-color\"><strong>Punto de Totalidad: <\/strong>12:14:00 h<\/p>\n\n\n\n<p class=\"has-black-color has-text-color\"><strong>Fin de Totalidad:<\/strong> 12:15:54 h<\/p>\n\n\n\n<p class=\"has-black-color has-text-color\"><strong>Fin del Eclipse Parcial:<\/strong> 13:36:39 h<\/p>\n\n\n\n<p class=\"has-black-color has-text-color\"><strong>Vista de la Corona de Fuego:<\/strong> 100 %<\/p>\n\n\n\n<p class=\"has-black-color has-text-color\"><strong>-Personas reunidas en el Complejo Ecotur\u00edstico Zona del Silencio:<\/strong> 700<\/p>\n\n\n\n<figure class=\"wp-block-gallery has-nested-images columns-default is-cropped wp-block-gallery-3 is-layout-flex\">\n<figure class=\"wp-block-image size-large\"><img decoding=\"async\" loading=\"lazy\" width=\"709\" height=\"600\" data-id=\"11575\"  src=\"http:\/\/www.esucesos.com\/wp-content\/uploads\/2024\/04\/eclipse-zona-10.jpeg\" alt=\"\" class=\"wp-image-11575\" srcset=\"https:\/\/www.esucesos.com\/wp-content\/uploads\/2024\/04\/eclipse-zona-10.jpeg 709w, https:\/\/www.esucesos.com\/wp-content\/uploads\/2024\/04\/eclipse-zona-10-300x254.jpeg 300w\" sizes=\"(max-width: 709px) 100vw, 709px\" \/><\/figure>\n\n\n\n<figure class=\"wp-block-image size-large\"><img decoding=\"async\" loading=\"lazy\" width=\"681\" height=\"1024\" data-id=\"11576\"  src=\"http:\/\/www.esucesos.com\/wp-content\/uploads\/2024\/04\/eclipse-zona-13-681x1024.jpeg\" alt=\"\" class=\"wp-image-11576\" srcset=\"https:\/\/www.esucesos.com\/wp-content\/uploads\/2024\/04\/eclipse-zona-13-681x1024.jpeg 681w, https:\/\/www.esucesos.com\/wp-content\/uploads\/2024\/04\/eclipse-zona-13-200x300.jpeg 200w, https:\/\/www.esucesos.com\/wp-content\/uploads\/2024\/04\/eclipse-zona-13.jpeg 709w\" sizes=\"(max-width: 681px) 100vw, 681px\" \/><\/figure>\n\n\n\n<figure class=\"wp-block-image size-large\"><img decoding=\"async\" loading=\"lazy\" width=\"709\" height=\"1009\" data-id=\"11580\"  src=\"http:\/\/www.esucesos.com\/wp-content\/uploads\/2024\/04\/eclipse-zona-14.jpeg\" alt=\"\" class=\"wp-image-11580\" srcset=\"https:\/\/www.esucesos.com\/wp-content\/uploads\/2024\/04\/eclipse-zona-14.jpeg 709w, https:\/\/www.esucesos.com\/wp-content\/uploads\/2024\/04\/eclipse-zona-14-211x300.jpeg 211w\" sizes=\"(max-width: 709px) 100vw, 709px\" \/><\/figure>\n\n\n\n<figure class=\"wp-block-image size-large\"><img decoding=\"async\" loading=\"lazy\" width=\"683\" height=\"1024\" data-id=\"11578\"  src=\"http:\/\/www.esucesos.com\/wp-content\/uploads\/2024\/04\/eclipse-zona-4-683x1024.jpeg\" alt=\"\" class=\"wp-image-11578\" srcset=\"https:\/\/www.esucesos.com\/wp-content\/uploads\/2024\/04\/eclipse-zona-4-683x1024.jpeg 683w, https:\/\/www.esucesos.com\/wp-content\/uploads\/2024\/04\/eclipse-zona-4-200x300.jpeg 200w, https:\/\/www.esucesos.com\/wp-content\/uploads\/2024\/04\/eclipse-zona-4.jpeg 709w\" sizes=\"(max-width: 683px) 100vw, 683px\" \/><\/figure>\n<\/figure>\n\n\n\n<p class=\"has-black-color has-text-color\"><strong>Fotos:<\/strong> C. Urquidi \/ staff Complejo Ecotur\u00edstico \/ Amigos visitantes del Complejo Ecotur\u00edstico Zona del Silencio<\/p>\n\n\n\n<figure class=\"wp-block-image size-full\"><img decoding=\"async\" loading=\"lazy\" width=\"709\" height=\"472\" src=\"http:\/\/www.esucesos.com\/wp-content\/uploads\/2024\/04\/eclipse-zona-3.jpeg\" alt=\"\" class=\"wp-image-11581\" srcset=\"https:\/\/www.esucesos.com\/wp-content\/uploads\/2024\/04\/eclipse-zona-3.jpeg 709w, https:\/\/www.esucesos.com\/wp-content\/uploads\/2024\/04\/eclipse-zona-3-300x200.jpeg 300w\" sizes=\"(max-width: 709px) 100vw, 709px\" \/><\/figure>\n\n\n\n<figure class=\"wp-block-image size-full\"><img decoding=\"async\" loading=\"lazy\" width=\"709\" height=\"319\" src=\"http:\/\/www.esucesos.com\/wp-content\/uploads\/2024\/04\/eclipse-zona-7.jpeg\" alt=\"\" class=\"wp-image-11582\" srcset=\"https:\/\/www.esucesos.com\/wp-content\/uploads\/2024\/04\/eclipse-zona-7.jpeg 709w, https:\/\/www.esucesos.com\/wp-content\/uploads\/2024\/04\/eclipse-zona-7-300x135.jpeg 300w\" sizes=\"(max-width: 709px) 100vw, 709px\" \/><\/figure>\n\n\n\n<figure class=\"wp-block-image size-large\"><img decoding=\"async\" loading=\"lazy\" width=\"576\" height=\"1024\" src=\"http:\/\/www.esucesos.com\/wp-content\/uploads\/2024\/04\/eclipse-zona-5-576x1024.jpeg\" alt=\"\" class=\"wp-image-11583\" srcset=\"https:\/\/www.esucesos.com\/wp-content\/uploads\/2024\/04\/eclipse-zona-5-576x1024.jpeg 576w, https:\/\/www.esucesos.com\/wp-content\/uploads\/2024\/04\/eclipse-zona-5-169x300.jpeg 169w, https:\/\/www.esucesos.com\/wp-content\/uploads\/2024\/04\/eclipse-zona-5.jpeg 709w\" sizes=\"(max-width: 576px) 100vw, 576px\" \/><\/figure>\n\n\n\n<p><\/p>\n","protected":false},"excerpt":{"rendered":"<p>Carlos Urquidi G. Escal\u00f3n, Jim\u00e9nez, Chih.- No hay fecha que no llegue ni plazo que no se cumpla&#8230; y se cumpli\u00f3 el popular refr\u00e1n. Este lunes 8 de abril de 2024 cientos de personas fueron testigos del \u2018Gran Eclipse Mexicano\u2019 en territorio chihuahuense, superando todos los pron\u00f3sticos en cuanto a la Fase de totalidad.. Desde [&hellip;]<\/p>\n","protected":false},"author":1,"featured_media":11586,"comment_status":"open","ping_status":"closed","sticky":false,"template":"","format":"standard","meta":{"spay_email":""},"categories":[1],"tags":[3127,1032,3226,3231,3232,3033,1110],"jetpack_featured_media_url":"https:\/\/www.esucesos.com\/wp-content\/uploads\/2024\/04\/eclipse-zona-1.jpeg","jetpack_sharing_enabled":true,"jetpack_likes_enabled":true,"_links":{"self":[{"href":"https:\/\/www.esucesos.com\/index.php?rest_route=\/wp\/v2\/posts\/11570"}],"collection":[{"href":"https:\/\/www.esucesos.com\/index.php?rest_route=\/wp\/v2\/posts"}],"about":[{"href":"https:\/\/www.esucesos.com\/index.php?rest_route=\/wp\/v2\/types\/post"}],"author":[{"embeddable":true,"href":"https:\/\/www.esucesos.com\/index.php?rest_route=\/wp\/v2\/users\/1"}],"replies":[{"embeddable":true,"href":"https:\/\/www.esucesos.com\/index.php?rest_route=%2Fwp%2Fv2%2Fcomments&post=11570"}],"version-history":[{"count":3,"href":"https:\/\/www.esucesos.com\/index.php?rest_route=\/wp\/v2\/posts\/11570\/revisions"}],"predecessor-version":[{"id":11587,"href":"https:\/\/www.esucesos.com\/index.php?rest_route=\/wp\/v2\/posts\/11570\/revisions\/11587"}],"wp:featuredmedia":[{"embeddable":true,"href":"https:\/\/www.esucesos.com\/index.php?rest_route=\/wp\/v2\/media\/11586"}],"wp:attachment":[{"href":"https:\/\/www.esucesos.com\/index.php?rest_route=%2Fwp%2Fv2%2Fmedia&parent=11570"}],"wp:term":[{"taxonomy":"category","embeddable":true,"href":"https:\/\/www.esucesos.com\/index.php?rest_route=%2Fwp%2Fv2%2Fcategories&post=11570"},{"taxonomy":"post_tag","embeddable":true,"href":"https:\/\/www.esucesos.com\/index.php?rest_route=%2Fwp%2Fv2%2Ftags&post=11570"}],"curies":[{"name":"wp","href":"https:\/\/api.w.org\/{rel}","templated":true}]}}